{"id":695,"date":"2020-02-05T21:23:15","date_gmt":"2020-02-05T21:23:15","guid":{"rendered":"https:\/\/lanzarote-feeling.com\/?p=695"},"modified":"2025-12-25T12:37:45","modified_gmt":"2025-12-25T11:37:45","slug":"montana-cardona","status":"publish","type":"post","link":"https:\/\/lanzarote-feeling.com\/es\/montana-cardona\/","title":{"rendered":"Circuito Mta. Cardona"},"content":{"rendered":"\n<figure class=\"wp-block-image size-large\"><img loading=\"lazy\" decoding=\"async\" width=\"1024\" height=\"768\" src=\"https:\/\/lanzarote-feeling.com\/wp-content\/uploads\/2020\/02\/monta\u00f1a_cardona_xs_wz-1024x768.jpg\" alt=\"\" class=\"wp-image-696\" srcset=\"https:\/\/lanzarote-feeling.com\/wp-content\/uploads\/2020\/02\/monta\u00f1a_cardona_xs_wz-1024x768.jpg 1024w, https:\/\/lanzarote-feeling.com\/wp-content\/uploads\/2020\/02\/monta\u00f1a_cardona_xs_wz-300x225.jpg 300w, https:\/\/lanzarote-feeling.com\/wp-content\/uploads\/2020\/02\/monta\u00f1a_cardona_xs_wz-768x576.jpg 768w, https:\/\/lanzarote-feeling.com\/wp-content\/uploads\/2020\/02\/monta\u00f1a_cardona_xs_wz-1536x1152.jpg 1536w, https:\/\/lanzarote-feeling.com\/wp-content\/uploads\/2020\/02\/monta\u00f1a_cardona_xs_wz.jpg 2048w\" sizes=\"auto, (max-width: 767px) 89vw, (max-width: 1000px) 54vw, (max-width: 1071px) 543px, 580px\" \/><figcaption class=\"wp-element-caption\">Vistas del Mta. Cardona<\/figcaption><\/figure>\n\n\n\n<p>Comenzamos nuestra f\u00e1cil y relajada caminata por un camino sin pavimentar que nos lleva a lo largo de los vi\u00f1edos y huertos frutales hasta los campos de lava. Nos acercamos a la Monta\u00f1a Cardona, un volc\u00e1n bastante plano, lo rodeamos por su flanco este y hacemos una primera pausa en un lugar sorprendente.<br>Despu\u00e9s, caminamos a lo largo de su flanco hasta el borde del cr\u00e1ter con una impresionante vista amplia y completa. Caminamos a lo largo del ancho y plano borde del cr\u00e1ter por un rato y podemos disfrutar del paisaje en paz y asombro antes de dejarlo en otro c\u00f3modo camino. Ahora el camino nos lleva al cr\u00e1ter medio abierto. Aqu\u00ed podemos admirar las plantas de all\u00ed y los diferentes tipos de lava.<br>Este camino circular impresiona por sus impresionantes vistas en un tramo de carretera principalmente llano, se debe hacer un corto ascenso en el camino hacia el borde del cr\u00e1ter.<\/p>\n\n\n\n<p>Como siempre, hay mucha informaci\u00f3n interesante y entretenida sobre la historia, la flora y la fauna, as\u00ed como sobre la geolog\u00eda en este tour.<\/p>\n\n\n\n<p>Longitud: aprox. 7 km<br>Duraci\u00f3n: aprox. 4 horas<br>Dificultad: 1 de 5 &#8211; si tiene miedo a las alturas, por favor h\u00e1ganoslo saber con antelaci\u00f3n. Gracias.<br>Terreno: 2 de 5 &#8211; deber\u00edas ser capaz de caminar sobre un terreno irregular de forma estable.<\/p>\n\n\n\n<p class=\"has-cyan-bluish-gray-background-color has-background\">Llegada en coche propio\u2026 recogida por un cargo extra.<br>Probablemente vamos \u00e1 un bar despu\u00e9s para tomar refrescos \u2013 la participaci\u00f3n es opcional.<br><strong>Deber\u00edas tener lo siguiente contigo:<\/strong>&nbsp;Protecci\u00f3n solar, suficiente agua (aprox. 1 l por persona), merienda, una chaqueta ligera \u2013 si hace viento, equipo de fotograf\u00eda, zapatos resistentes\/zapatos cerrados<br>Tenga en cuenta:&nbsp;<strong>no hay<\/strong>&nbsp;posibilidad de comprar bebidas o bocadillos en el camino.<\/p>\n\n\n\n<p>Precio: \u20ac 49,&#8211; por persona<\/p>\n\n\n\n<p>Lugar de encuentro: <a href=\"https:\/\/www.google.es\/maps\/place\/Ermita+de+Santa+Mar%C3%ADa+Magdalena\/@29.0030881,-13.6357283,13.96z\/data=!4m5!3m4!1s0x0:0x1621dc04e9340e83!8m2!3d28.9966457!4d-13.6574221?hl=de\" target=\"_blank\" rel=\"noreferrer noopener\">Iglesia en Masdache<\/a><\/p>\n","protected":false},"excerpt":{"rendered":"<p>Comenzamos nuestra f\u00e1cil y relajada caminata por un camino sin pavimentar que nos lleva a lo largo de los vi\u00f1edos y huertos frutales hasta los campos de lava. Nos acercamos a la Monta\u00f1a Cardona, un volc\u00e1n bastante plano, lo rodeamos por su flanco este y hacemos una primera pausa en un lugar sorprendente.Despu\u00e9s, caminamos a &hellip; <\/p>\n<p class=\"link-more\"><a href=\"https:\/\/lanzarote-feeling.com\/es\/montana-cardona\/\" class=\"more-link\">Continuar leyendo<span class=\"screen-reader-text\"> \u00abCircuito Mta. Cardona\u00bb<\/span><\/a><\/p>\n","protected":false},"author":2,"featured_media":0,"comment_status":"closed","ping_status":"open","sticky":false,"template":"","format":"standard","meta":{"footnotes":""},"categories":[8,9,34,33],"tags":[27,104,88,26,80],"class_list":["post-695","post","type-post","status-publish","format-standard","hentry","category-excursions","category-hiking","category-lanzarote-mitte","category-timanfaya","tag-timanfaya","tag-vulkan","tag-lava","tag-vulkanismus","tag-wein"],"translation":{"provider":"WPGlobus","version":"3.0.2","language":"es","enabled_languages":["de","en","es"],"languages":{"de":{"title":true,"content":true,"excerpt":false},"en":{"title":true,"content":true,"excerpt":false},"es":{"title":true,"content":true,"excerpt":false}}},"aioseo_notices":[],"_links":{"self":[{"href":"https:\/\/lanzarote-feeling.com\/es\/wp-json\/wp\/v2\/posts\/695","targetHints":{"allow":["GET"]}}],"collection":[{"href":"https:\/\/lanzarote-feeling.com\/es\/wp-json\/wp\/v2\/posts"}],"about":[{"href":"https:\/\/lanzarote-feeling.com\/es\/wp-json\/wp\/v2\/types\/post"}],"author":[{"embeddable":true,"href":"https:\/\/lanzarote-feeling.com\/es\/wp-json\/wp\/v2\/users\/2"}],"replies":[{"embeddable":true,"href":"https:\/\/lanzarote-feeling.com\/es\/wp-json\/wp\/v2\/comments?post=695"}],"version-history":[{"count":0,"href":"https:\/\/lanzarote-feeling.com\/es\/wp-json\/wp\/v2\/posts\/695\/revisions"}],"wp:attachment":[{"href":"https:\/\/lanzarote-feeling.com\/es\/wp-json\/wp\/v2\/media?parent=695"}],"wp:term":[{"taxonomy":"category","embeddable":true,"href":"https:\/\/lanzarote-feeling.com\/es\/wp-json\/wp\/v2\/categories?post=695"},{"taxonomy":"post_tag","embeddable":true,"href":"https:\/\/lanzarote-feeling.com\/es\/wp-json\/wp\/v2\/tags?post=695"}],"curies":[{"name":"wp","href":"https:\/\/api.w.org\/{rel}","templated":true}]}}